{"id":7066,"date":"2025-03-05T12:27:35","date_gmt":"2025-03-05T12:27:35","guid":{"rendered":"https:\/\/orthopedic-pro.com\/our-company-is-celebrating-its-80th-anniversary\/"},"modified":"2026-04-14T10:17:35","modified_gmt":"2026-04-14T10:17:35","slug":"unser-unternehmen-feiert-sein-80-jaehriges-betriebsjubilaeum","status":"publish","type":"post","link":"https:\/\/orthopedic-pro.com\/de\/unser-unternehmen-feiert-sein-80-jaehriges-betriebsjubilaeum\/","title":{"rendered":"Unser Unternehmen feiert sein 80-j\u00e4hriges Betriebsjubil\u00e4um!"},"content":{"rendered":"<p>Im Laufe von acht Jahrzehnten ist AB \u201eOrtopedijos technika\u201c gewachsen und hat sich ver\u00e4ndert, hat sich neuen Herausforderungen, technologischen Fortschritten und Markterfordernissen angepasst und ist zum gr\u00f6\u00dften Unternehmen seiner Art in den baltischen Staaten geworden. Zusammen mit den Markennamen \u201eGijos Klinikos\u201c und \u201eSveikatin\u0117\u201c vereint es umfassende medizinische Dienstleistungen, individuelle orthop\u00e4dische L\u00f6sungen, Einzelhandel und Export.<\/p>\r\n<p>Von der ersten Prothesenwerkstatt im Jahr 1945 bis hin zu einem modernen Unternehmen, das die Herstellung von Medizinprodukten mit einer breiten Palette medizinischer Dienstleistungen verbindet, stehen wir heute f\u00fcr eine Erfolgsgeschichte, die von st\u00e4ndiger Verbesserung und harter Arbeit gepr\u00e4gt ist, immer mit dem einen Ziel, Menschen zu helfen.<\/p>\r\n<p><img loading=\"lazy\" decoding=\"async\" class=\"aligncenter wp-image-6665 size-full\" src=\"https:\/\/orthopedic-pro.com\/wp-content\/uploads\/2025\/03\/LinkedIn-80-1-2.png\" alt=\"80 aniversary\" width=\"1665\" height=\"933\" srcset=\"https:\/\/orthopedic-pro.com\/wp-content\/uploads\/2025\/03\/LinkedIn-80-1-2.png 1665w, https:\/\/orthopedic-pro.com\/wp-content\/uploads\/2025\/03\/LinkedIn-80-1-2-300x168.png 300w, https:\/\/orthopedic-pro.com\/wp-content\/uploads\/2025\/03\/LinkedIn-80-1-2-1024x574.png 1024w, https:\/\/orthopedic-pro.com\/wp-content\/uploads\/2025\/03\/LinkedIn-80-1-2-768x430.png 768w, https:\/\/orthopedic-pro.com\/wp-content\/uploads\/2025\/03\/LinkedIn-80-1-2-1536x861.png 1536w\" sizes=\"auto, (max-width: 1665px) 100vw, 1665px\" \/><\/p>\r\n<!-- \/wp:post-content -->\r\n\r\n<!-- wp:image {\"id\":2294} -->\r\n<figure class=\"wp-block-image\"><\/figure>\r\n<!-- \/wp:image -->","protected":false},"excerpt":{"rendered":"<p>Im Laufe von acht Jahrzehnten ist AB \u201eOrtopedijos technika\u201c gewachsen und hat sich ver\u00e4ndert, hat sich neuen Herausforderungen, technologischen Fortschritten und Markterfordernissen angepasst und ist&#8230;<\/p>\n","protected":false},"author":1,"featured_media":7067,"comment_status":"closed","ping_status":"open","sticky":false,"template":"","format":"standard","meta":{"inline_featured_image":false,"footnotes":""},"categories":[25,33],"tags":[],"class_list":{"0":"post-7066","1":"post","2":"type-post","3":"status-publish","4":"format-standard","5":"has-post-thumbnail","7":"category-nachrichten-2","8":"category-nachrichten"},"yoast_head":"<!-- This site is optimized with the Yoast SEO plugin v27.4 - https:\/\/yoast.com\/product\/yoast-seo-wordpress\/ -->\n<title>Unser Unternehmen feiert sein 80-j\u00e4hriges Betriebsjubil\u00e4um! - Ortopedijos Technika<\/title>\n<meta name=\"description\" content=\"Ortopedijos technika feiert ihr 80-j\u00e4hriges Betriebsjubil\u00e4um. Entdecken Sie jahrzehntelange Erfahrung, Innovation und orthop\u00e4dische Kompetenz.\" \/>\n<meta name=\"robots\" content=\"index, follow, max-snippet:-1, max-image-preview:large, max-video-preview:-1\" \/>\n<link rel=\"canonical\" href=\"https:\/\/orthopedic-pro.com\/de\/unser-unternehmen-feiert-sein-80-jaehriges-betriebsjubilaeum\/\" \/>\n<meta property=\"og:locale\" content=\"de_DE\" \/>\n<meta property=\"og:type\" content=\"article\" \/>\n<meta property=\"og:title\" content=\"Unser Unternehmen feiert sein 80-j\u00e4hriges Betriebsjubil\u00e4um! - Ortopedijos Technika\" \/>\n<meta property=\"og:description\" content=\"Ortopedijos technika feiert ihr 80-j\u00e4hriges Betriebsjubil\u00e4um. Entdecken Sie jahrzehntelange Erfahrung, Innovation und orthop\u00e4dische Kompetenz.\" \/>\n<meta property=\"og:url\" content=\"https:\/\/orthopedic-pro.com\/de\/unser-unternehmen-feiert-sein-80-jaehriges-betriebsjubilaeum\/\" \/>\n<meta property=\"og:site_name\" content=\"Ortopedijos Technika\" \/>\n<meta property=\"article:published_time\" content=\"2025-03-05T12:27:35+00:00\" \/>\n<meta property=\"article:modified_time\" content=\"2026-04-14T10:17:35+00:00\" \/>\n<meta property=\"og:image\" content=\"https:\/\/orthopedic-pro.com\/wp-content\/uploads\/2025\/03\/LinkedIn-80-1-2.png\" \/>\n\t<meta property=\"og:image:width\" content=\"1665\" \/>\n\t<meta property=\"og:image:height\" content=\"933\" \/>\n\t<meta property=\"og:image:type\" content=\"image\/png\" \/>\n<meta name=\"author\" content=\"admin\" \/>\n<meta name=\"twitter:card\" content=\"summary_large_image\" \/>\n<meta name=\"twitter:label1\" content=\"Verfasst von\" \/>\n\t<meta name=\"twitter:data1\" content=\"admin\" \/>\n\t<meta name=\"twitter:label2\" content=\"Gesch\u00e4tzte Lesezeit\" \/>\n\t<meta name=\"twitter:data2\" content=\"1\u00a0Minute\" \/>\n<script type=\"application\/ld+json\" class=\"yoast-schema-graph\">{\"@context\":\"https:\\\/\\\/schema.org\",\"@graph\":[{\"@type\":\"Article\",\"@id\":\"https:\\\/\\\/orthopedic-pro.com\\\/de\\\/unser-unternehmen-feiert-sein-80-jaehriges-betriebsjubilaeum\\\/#article\",\"isPartOf\":{\"@id\":\"https:\\\/\\\/orthopedic-pro.com\\\/de\\\/unser-unternehmen-feiert-sein-80-jaehriges-betriebsjubilaeum\\\/\"},\"author\":{\"name\":\"admin\",\"@id\":\"https:\\\/\\\/lavender-snail-397695.hostingersite.com\\\/#\\\/schema\\\/person\\\/19588fccece8a95f4a598027b5dad499\"},\"headline\":\"Unser Unternehmen feiert sein 80-j\u00e4hriges Betriebsjubil\u00e4um!\",\"datePublished\":\"2025-03-05T12:27:35+00:00\",\"dateModified\":\"2026-04-14T10:17:35+00:00\",\"mainEntityOfPage\":{\"@id\":\"https:\\\/\\\/orthopedic-pro.com\\\/de\\\/unser-unternehmen-feiert-sein-80-jaehriges-betriebsjubilaeum\\\/\"},\"wordCount\":116,\"publisher\":{\"@id\":\"https:\\\/\\\/lavender-snail-397695.hostingersite.com\\\/#organization\"},\"image\":{\"@id\":\"https:\\\/\\\/orthopedic-pro.com\\\/de\\\/unser-unternehmen-feiert-sein-80-jaehriges-betriebsjubilaeum\\\/#primaryimage\"},\"thumbnailUrl\":\"https:\\\/\\\/orthopedic-pro.com\\\/wp-content\\\/uploads\\\/2025\\\/03\\\/LinkedIn-80-1-2.png\",\"articleSection\":[\"Nachrichten\",\"Nachrichten\"],\"inLanguage\":\"de\"},{\"@type\":\"WebPage\",\"@id\":\"https:\\\/\\\/orthopedic-pro.com\\\/de\\\/unser-unternehmen-feiert-sein-80-jaehriges-betriebsjubilaeum\\\/\",\"url\":\"https:\\\/\\\/orthopedic-pro.com\\\/de\\\/unser-unternehmen-feiert-sein-80-jaehriges-betriebsjubilaeum\\\/\",\"name\":\"Unser Unternehmen feiert sein 80-j\u00e4hriges Betriebsjubil\u00e4um! - Ortopedijos Technika\",\"isPartOf\":{\"@id\":\"https:\\\/\\\/lavender-snail-397695.hostingersite.com\\\/#website\"},\"primaryImageOfPage\":{\"@id\":\"https:\\\/\\\/orthopedic-pro.com\\\/de\\\/unser-unternehmen-feiert-sein-80-jaehriges-betriebsjubilaeum\\\/#primaryimage\"},\"image\":{\"@id\":\"https:\\\/\\\/orthopedic-pro.com\\\/de\\\/unser-unternehmen-feiert-sein-80-jaehriges-betriebsjubilaeum\\\/#primaryimage\"},\"thumbnailUrl\":\"https:\\\/\\\/orthopedic-pro.com\\\/wp-content\\\/uploads\\\/2025\\\/03\\\/LinkedIn-80-1-2.png\",\"datePublished\":\"2025-03-05T12:27:35+00:00\",\"dateModified\":\"2026-04-14T10:17:35+00:00\",\"description\":\"Ortopedijos technika feiert ihr 80-j\u00e4hriges Betriebsjubil\u00e4um. Entdecken Sie jahrzehntelange Erfahrung, Innovation und orthop\u00e4dische Kompetenz.\",\"breadcrumb\":{\"@id\":\"https:\\\/\\\/orthopedic-pro.com\\\/de\\\/unser-unternehmen-feiert-sein-80-jaehriges-betriebsjubilaeum\\\/#breadcrumb\"},\"inLanguage\":\"de\",\"potentialAction\":[{\"@type\":\"ReadAction\",\"target\":[\"https:\\\/\\\/orthopedic-pro.com\\\/de\\\/unser-unternehmen-feiert-sein-80-jaehriges-betriebsjubilaeum\\\/\"]}]},{\"@type\":\"ImageObject\",\"inLanguage\":\"de\",\"@id\":\"https:\\\/\\\/orthopedic-pro.com\\\/de\\\/unser-unternehmen-feiert-sein-80-jaehriges-betriebsjubilaeum\\\/#primaryimage\",\"url\":\"https:\\\/\\\/orthopedic-pro.com\\\/wp-content\\\/uploads\\\/2025\\\/03\\\/LinkedIn-80-1-2.png\",\"contentUrl\":\"https:\\\/\\\/orthopedic-pro.com\\\/wp-content\\\/uploads\\\/2025\\\/03\\\/LinkedIn-80-1-2.png\",\"width\":1665,\"height\":933,\"caption\":\"80 aniversary\"},{\"@type\":\"BreadcrumbList\",\"@id\":\"https:\\\/\\\/orthopedic-pro.com\\\/de\\\/unser-unternehmen-feiert-sein-80-jaehriges-betriebsjubilaeum\\\/#breadcrumb\",\"itemListElement\":[{\"@type\":\"ListItem\",\"position\":1,\"name\":\"Home\",\"item\":\"https:\\\/\\\/orthopedic-pro.com\\\/de\\\/\"},{\"@type\":\"ListItem\",\"position\":2,\"name\":\"Unser Unternehmen feiert sein 80-j\u00e4hriges Betriebsjubil\u00e4um!\"}]},{\"@type\":\"WebSite\",\"@id\":\"https:\\\/\\\/lavender-snail-397695.hostingersite.com\\\/#website\",\"url\":\"https:\\\/\\\/lavender-snail-397695.hostingersite.com\\\/\",\"name\":\"Ortopedijos Technika\",\"description\":\"Manufacture of orthopedic products embraces developing and producing the highest-standard, customized orthopedic solutions for custom made footwear.\",\"publisher\":{\"@id\":\"https:\\\/\\\/lavender-snail-397695.hostingersite.com\\\/#organization\"},\"potentialAction\":[{\"@type\":\"SearchAction\",\"target\":{\"@type\":\"EntryPoint\",\"urlTemplate\":\"https:\\\/\\\/lavender-snail-397695.hostingersite.com\\\/?s={search_term_string}\"},\"query-input\":{\"@type\":\"PropertyValueSpecification\",\"valueRequired\":true,\"valueName\":\"search_term_string\"}}],\"inLanguage\":\"de\"},{\"@type\":\"Organization\",\"@id\":\"https:\\\/\\\/lavender-snail-397695.hostingersite.com\\\/#organization\",\"name\":\"Ortopedijos Technika\",\"url\":\"https:\\\/\\\/lavender-snail-397695.hostingersite.com\\\/\",\"logo\":{\"@type\":\"ImageObject\",\"inLanguage\":\"de\",\"@id\":\"https:\\\/\\\/lavender-snail-397695.hostingersite.com\\\/#\\\/schema\\\/logo\\\/image\\\/\",\"url\":\"https:\\\/\\\/orthopedic-pro.com\\\/wp-content\\\/uploads\\\/2025\\\/09\\\/ot-logo.svg\",\"contentUrl\":\"https:\\\/\\\/orthopedic-pro.com\\\/wp-content\\\/uploads\\\/2025\\\/09\\\/ot-logo.svg\",\"width\":23,\"height\":9,\"caption\":\"Ortopedijos Technika\"},\"image\":{\"@id\":\"https:\\\/\\\/lavender-snail-397695.hostingersite.com\\\/#\\\/schema\\\/logo\\\/image\\\/\"}},{\"@type\":\"Person\",\"@id\":\"https:\\\/\\\/lavender-snail-397695.hostingersite.com\\\/#\\\/schema\\\/person\\\/19588fccece8a95f4a598027b5dad499\",\"name\":\"admin\",\"image\":{\"@type\":\"ImageObject\",\"inLanguage\":\"de\",\"@id\":\"https:\\\/\\\/secure.gravatar.com\\\/avatar\\\/96fffe5ab47ece8a6e7db461ac53de9776f72e72bb176265e28a461afe84d3d3?s=96&d=mm&r=g\",\"url\":\"https:\\\/\\\/secure.gravatar.com\\\/avatar\\\/96fffe5ab47ece8a6e7db461ac53de9776f72e72bb176265e28a461afe84d3d3?s=96&d=mm&r=g\",\"contentUrl\":\"https:\\\/\\\/secure.gravatar.com\\\/avatar\\\/96fffe5ab47ece8a6e7db461ac53de9776f72e72bb176265e28a461afe84d3d3?s=96&d=mm&r=g\",\"caption\":\"admin\"},\"sameAs\":[\"https:\\\/\\\/lavender-snail-397695.hostingersite.com\"],\"url\":\"https:\\\/\\\/orthopedic-pro.com\\\/de\\\/author\\\/admin\\\/\"}]}<\/script>\n<!-- \/ Yoast SEO plugin. -->","yoast_head_json":{"title":"Unser Unternehmen feiert sein 80-j\u00e4hriges Betriebsjubil\u00e4um! - Ortopedijos Technika","description":"Ortopedijos technika feiert ihr 80-j\u00e4hriges Betriebsjubil\u00e4um. Entdecken Sie jahrzehntelange Erfahrung, Innovation und orthop\u00e4dische Kompetenz.","robots":{"index":"index","follow":"follow","max-snippet":"max-snippet:-1","max-image-preview":"max-image-preview:large","max-video-preview":"max-video-preview:-1"},"canonical":"https:\/\/orthopedic-pro.com\/de\/unser-unternehmen-feiert-sein-80-jaehriges-betriebsjubilaeum\/","og_locale":"de_DE","og_type":"article","og_title":"Unser Unternehmen feiert sein 80-j\u00e4hriges Betriebsjubil\u00e4um! - Ortopedijos Technika","og_description":"Ortopedijos technika feiert ihr 80-j\u00e4hriges Betriebsjubil\u00e4um. Entdecken Sie jahrzehntelange Erfahrung, Innovation und orthop\u00e4dische Kompetenz.","og_url":"https:\/\/orthopedic-pro.com\/de\/unser-unternehmen-feiert-sein-80-jaehriges-betriebsjubilaeum\/","og_site_name":"Ortopedijos Technika","article_published_time":"2025-03-05T12:27:35+00:00","article_modified_time":"2026-04-14T10:17:35+00:00","og_image":[{"width":1665,"height":933,"url":"https:\/\/orthopedic-pro.com\/wp-content\/uploads\/2025\/03\/LinkedIn-80-1-2.png","type":"image\/png"}],"author":"admin","twitter_card":"summary_large_image","twitter_misc":{"Verfasst von":"admin","Gesch\u00e4tzte Lesezeit":"1\u00a0Minute"},"schema":{"@context":"https:\/\/schema.org","@graph":[{"@type":"Article","@id":"https:\/\/orthopedic-pro.com\/de\/unser-unternehmen-feiert-sein-80-jaehriges-betriebsjubilaeum\/#article","isPartOf":{"@id":"https:\/\/orthopedic-pro.com\/de\/unser-unternehmen-feiert-sein-80-jaehriges-betriebsjubilaeum\/"},"author":{"name":"admin","@id":"https:\/\/lavender-snail-397695.hostingersite.com\/#\/schema\/person\/19588fccece8a95f4a598027b5dad499"},"headline":"Unser Unternehmen feiert sein 80-j\u00e4hriges Betriebsjubil\u00e4um!","datePublished":"2025-03-05T12:27:35+00:00","dateModified":"2026-04-14T10:17:35+00:00","mainEntityOfPage":{"@id":"https:\/\/orthopedic-pro.com\/de\/unser-unternehmen-feiert-sein-80-jaehriges-betriebsjubilaeum\/"},"wordCount":116,"publisher":{"@id":"https:\/\/lavender-snail-397695.hostingersite.com\/#organization"},"image":{"@id":"https:\/\/orthopedic-pro.com\/de\/unser-unternehmen-feiert-sein-80-jaehriges-betriebsjubilaeum\/#primaryimage"},"thumbnailUrl":"https:\/\/orthopedic-pro.com\/wp-content\/uploads\/2025\/03\/LinkedIn-80-1-2.png","articleSection":["Nachrichten","Nachrichten"],"inLanguage":"de"},{"@type":"WebPage","@id":"https:\/\/orthopedic-pro.com\/de\/unser-unternehmen-feiert-sein-80-jaehriges-betriebsjubilaeum\/","url":"https:\/\/orthopedic-pro.com\/de\/unser-unternehmen-feiert-sein-80-jaehriges-betriebsjubilaeum\/","name":"Unser Unternehmen feiert sein 80-j\u00e4hriges Betriebsjubil\u00e4um! - Ortopedijos Technika","isPartOf":{"@id":"https:\/\/lavender-snail-397695.hostingersite.com\/#website"},"primaryImageOfPage":{"@id":"https:\/\/orthopedic-pro.com\/de\/unser-unternehmen-feiert-sein-80-jaehriges-betriebsjubilaeum\/#primaryimage"},"image":{"@id":"https:\/\/orthopedic-pro.com\/de\/unser-unternehmen-feiert-sein-80-jaehriges-betriebsjubilaeum\/#primaryimage"},"thumbnailUrl":"https:\/\/orthopedic-pro.com\/wp-content\/uploads\/2025\/03\/LinkedIn-80-1-2.png","datePublished":"2025-03-05T12:27:35+00:00","dateModified":"2026-04-14T10:17:35+00:00","description":"Ortopedijos technika feiert ihr 80-j\u00e4hriges Betriebsjubil\u00e4um. Entdecken Sie jahrzehntelange Erfahrung, Innovation und orthop\u00e4dische Kompetenz.","breadcrumb":{"@id":"https:\/\/orthopedic-pro.com\/de\/unser-unternehmen-feiert-sein-80-jaehriges-betriebsjubilaeum\/#breadcrumb"},"inLanguage":"de","potentialAction":[{"@type":"ReadAction","target":["https:\/\/orthopedic-pro.com\/de\/unser-unternehmen-feiert-sein-80-jaehriges-betriebsjubilaeum\/"]}]},{"@type":"ImageObject","inLanguage":"de","@id":"https:\/\/orthopedic-pro.com\/de\/unser-unternehmen-feiert-sein-80-jaehriges-betriebsjubilaeum\/#primaryimage","url":"https:\/\/orthopedic-pro.com\/wp-content\/uploads\/2025\/03\/LinkedIn-80-1-2.png","contentUrl":"https:\/\/orthopedic-pro.com\/wp-content\/uploads\/2025\/03\/LinkedIn-80-1-2.png","width":1665,"height":933,"caption":"80 aniversary"},{"@type":"BreadcrumbList","@id":"https:\/\/orthopedic-pro.com\/de\/unser-unternehmen-feiert-sein-80-jaehriges-betriebsjubilaeum\/#breadcrumb","itemListElement":[{"@type":"ListItem","position":1,"name":"Home","item":"https:\/\/orthopedic-pro.com\/de\/"},{"@type":"ListItem","position":2,"name":"Unser Unternehmen feiert sein 80-j\u00e4hriges Betriebsjubil\u00e4um!"}]},{"@type":"WebSite","@id":"https:\/\/lavender-snail-397695.hostingersite.com\/#website","url":"https:\/\/lavender-snail-397695.hostingersite.com\/","name":"Ortopedijos Technika","description":"Manufacture of orthopedic products embraces developing and producing the highest-standard, customized orthopedic solutions for custom made footwear.","publisher":{"@id":"https:\/\/lavender-snail-397695.hostingersite.com\/#organization"},"potentialAction":[{"@type":"SearchAction","target":{"@type":"EntryPoint","urlTemplate":"https:\/\/lavender-snail-397695.hostingersite.com\/?s={search_term_string}"},"query-input":{"@type":"PropertyValueSpecification","valueRequired":true,"valueName":"search_term_string"}}],"inLanguage":"de"},{"@type":"Organization","@id":"https:\/\/lavender-snail-397695.hostingersite.com\/#organization","name":"Ortopedijos Technika","url":"https:\/\/lavender-snail-397695.hostingersite.com\/","logo":{"@type":"ImageObject","inLanguage":"de","@id":"https:\/\/lavender-snail-397695.hostingersite.com\/#\/schema\/logo\/image\/","url":"https:\/\/orthopedic-pro.com\/wp-content\/uploads\/2025\/09\/ot-logo.svg","contentUrl":"https:\/\/orthopedic-pro.com\/wp-content\/uploads\/2025\/09\/ot-logo.svg","width":23,"height":9,"caption":"Ortopedijos Technika"},"image":{"@id":"https:\/\/lavender-snail-397695.hostingersite.com\/#\/schema\/logo\/image\/"}},{"@type":"Person","@id":"https:\/\/lavender-snail-397695.hostingersite.com\/#\/schema\/person\/19588fccece8a95f4a598027b5dad499","name":"admin","image":{"@type":"ImageObject","inLanguage":"de","@id":"https:\/\/secure.gravatar.com\/avatar\/96fffe5ab47ece8a6e7db461ac53de9776f72e72bb176265e28a461afe84d3d3?s=96&d=mm&r=g","url":"https:\/\/secure.gravatar.com\/avatar\/96fffe5ab47ece8a6e7db461ac53de9776f72e72bb176265e28a461afe84d3d3?s=96&d=mm&r=g","contentUrl":"https:\/\/secure.gravatar.com\/avatar\/96fffe5ab47ece8a6e7db461ac53de9776f72e72bb176265e28a461afe84d3d3?s=96&d=mm&r=g","caption":"admin"},"sameAs":["https:\/\/lavender-snail-397695.hostingersite.com"],"url":"https:\/\/orthopedic-pro.com\/de\/author\/admin\/"}]}},"_links":{"self":[{"href":"https:\/\/orthopedic-pro.com\/de\/wp-json\/wp\/v2\/posts\/7066","targetHints":{"allow":["GET"]}}],"collection":[{"href":"https:\/\/orthopedic-pro.com\/de\/wp-json\/wp\/v2\/posts"}],"about":[{"href":"https:\/\/orthopedic-pro.com\/de\/wp-json\/wp\/v2\/types\/post"}],"author":[{"embeddable":true,"href":"https:\/\/orthopedic-pro.com\/de\/wp-json\/wp\/v2\/users\/1"}],"replies":[{"embeddable":true,"href":"https:\/\/orthopedic-pro.com\/de\/wp-json\/wp\/v2\/comments?post=7066"}],"version-history":[{"count":1,"href":"https:\/\/orthopedic-pro.com\/de\/wp-json\/wp\/v2\/posts\/7066\/revisions"}],"predecessor-version":[{"id":7068,"href":"https:\/\/orthopedic-pro.com\/de\/wp-json\/wp\/v2\/posts\/7066\/revisions\/7068"}],"wp:featuredmedia":[{"embeddable":true,"href":"https:\/\/orthopedic-pro.com\/de\/wp-json\/wp\/v2\/media\/7067"}],"wp:attachment":[{"href":"https:\/\/orthopedic-pro.com\/de\/wp-json\/wp\/v2\/media?parent=7066"}],"wp:term":[{"taxonomy":"category","embeddable":true,"href":"https:\/\/orthopedic-pro.com\/de\/wp-json\/wp\/v2\/categories?post=7066"},{"taxonomy":"post_tag","embeddable":true,"href":"https:\/\/orthopedic-pro.com\/de\/wp-json\/wp\/v2\/tags?post=7066"}],"curies":[{"name":"wp","href":"https:\/\/api.w.org\/{rel}","templated":true}]}}