{"id":7077,"date":"2025-09-12T12:58:46","date_gmt":"2025-09-12T12:58:46","guid":{"rendered":"https:\/\/orthopedic-pro.com\/mark-this-date-on-your-calendar\/"},"modified":"2026-04-14T10:07:04","modified_gmt":"2026-04-14T10:07:04","slug":"merken-sie-sich-den-termin-in-ihrem-kalender-vor","status":"publish","type":"post","link":"https:\/\/orthopedic-pro.com\/de\/merken-sie-sich-den-termin-in-ihrem-kalender-vor\/","title":{"rendered":"Merken Sie sich den Termin in Ihrem Kalender vor!"},"content":{"rendered":"<p>Merken Sie sich den Termin in Ihrem Kalender vor: am 24. und 25. Oktober findet in K\u00f6ln die Messe ORTHOP\u00c4DIE SCHUH TECHNIK 2025 statt!<\/p>\n<p>Wir werden wieder als Aussteller dabei sein und Sie k\u00f6nnen bereits jetzt einen Termin f\u00fcr ein pers\u00f6nliches Gespr\u00e4ch vereinbaren.<\/p>\n<p>Jeder ist herzlich willkommen!<\/p>\n<p>Bleiben Sie dabei und werfen Sie einen Blick auf die Vorbereitungen.<\/p>\n<p><img loading=\"lazy\" decoding=\"async\" class=\"aligncenter wp-image-6693 size-full\" src=\"https:\/\/orthopedic-pro.com\/wp-content\/uploads\/2025\/10\/orthopadie-shuh-technik.jpg\" alt=\"orthopadie shuh technik\" width=\"1200\" height=\"900\" srcset=\"https:\/\/orthopedic-pro.com\/wp-content\/uploads\/2025\/10\/orthopadie-shuh-technik.jpg 1200w, https:\/\/orthopedic-pro.com\/wp-content\/uploads\/2025\/10\/orthopadie-shuh-technik-300x225.jpg 300w, https:\/\/orthopedic-pro.com\/wp-content\/uploads\/2025\/10\/orthopadie-shuh-technik-1024x768.jpg 1024w, https:\/\/orthopedic-pro.com\/wp-content\/uploads\/2025\/10\/orthopadie-shuh-technik-768x576.jpg 768w\" sizes=\"auto, (max-width: 1200px) 100vw, 1200px\" \/><\/p>\n","protected":false},"excerpt":{"rendered":"<p>Merken Sie sich den Termin in Ihrem Kalender vor: am 24. und 25. Oktober findet in K\u00f6ln die Messe ORTHOP\u00c4DIE SCHUH TECHNIK 2025 statt! Wir&#8230;<\/p>\n","protected":false},"author":1,"featured_media":7254,"comment_status":"closed","ping_status":"open","sticky":false,"template":"","format":"standard","meta":{"inline_featured_image":false,"footnotes":""},"categories":[25,33],"tags":[],"class_list":{"0":"post-7077","1":"post","2":"type-post","3":"status-publish","4":"format-standard","5":"has-post-thumbnail","7":"category-nachrichten-2","8":"category-nachrichten"},"yoast_head":"<!-- This site is optimized with the Yoast SEO plugin v27.4 - https:\/\/yoast.com\/product\/yoast-seo-wordpress\/ -->\n<title>Merken Sie sich den Termin in Ihrem Kalender vor! - Ortopedijos Technika<\/title>\n<meta name=\"description\" content=\"Merken Sie sich diesen Termin vor. Treffen Sie Ortopedijos technika auf der ORTHOP\u00c4DIE SCHUH TECHNIK 2025 und entdecken Sie Innovationen und orthop\u00e4dische L\u00f6sungen.\" \/>\n<meta name=\"robots\" content=\"index, follow, max-snippet:-1, max-image-preview:large, max-video-preview:-1\" \/>\n<link rel=\"canonical\" href=\"https:\/\/orthopedic-pro.com\/de\/merken-sie-sich-den-termin-in-ihrem-kalender-vor\/\" \/>\n<meta property=\"og:locale\" content=\"de_DE\" \/>\n<meta property=\"og:type\" content=\"article\" \/>\n<meta property=\"og:title\" content=\"Merken Sie sich den Termin in Ihrem Kalender vor! - Ortopedijos Technika\" \/>\n<meta property=\"og:description\" content=\"Merken Sie sich diesen Termin vor. Treffen Sie Ortopedijos technika auf der ORTHOP\u00c4DIE SCHUH TECHNIK 2025 und entdecken Sie Innovationen und orthop\u00e4dische L\u00f6sungen.\" \/>\n<meta property=\"og:url\" content=\"https:\/\/orthopedic-pro.com\/de\/merken-sie-sich-den-termin-in-ihrem-kalender-vor\/\" \/>\n<meta property=\"og:site_name\" content=\"Ortopedijos Technika\" \/>\n<meta property=\"article:published_time\" content=\"2025-09-12T12:58:46+00:00\" \/>\n<meta property=\"article:modified_time\" content=\"2026-04-14T10:07:04+00:00\" \/>\n<meta property=\"og:image\" content=\"https:\/\/orthopedic-pro.com\/wp-content\/uploads\/2025\/09\/Mark-this-date-on-your-calendar-Ortopedijos-technika.jpg\" \/>\n\t<meta property=\"og:image:width\" content=\"800\" \/>\n\t<meta property=\"og:image:height\" content=\"540\" \/>\n\t<meta property=\"og:image:type\" content=\"image\/jpeg\" \/>\n<meta name=\"author\" content=\"admin\" \/>\n<meta name=\"twitter:card\" content=\"summary_large_image\" \/>\n<meta name=\"twitter:label1\" content=\"Verfasst von\" \/>\n\t<meta name=\"twitter:data1\" content=\"admin\" \/>\n\t<meta name=\"twitter:label2\" content=\"Gesch\u00e4tzte Lesezeit\" \/>\n\t<meta name=\"twitter:data2\" content=\"1\u00a0Minute\" \/>\n<script type=\"application\/ld+json\" class=\"yoast-schema-graph\">{\"@context\":\"https:\\\/\\\/schema.org\",\"@graph\":[{\"@type\":\"Article\",\"@id\":\"https:\\\/\\\/orthopedic-pro.com\\\/de\\\/merken-sie-sich-den-termin-in-ihrem-kalender-vor\\\/#article\",\"isPartOf\":{\"@id\":\"https:\\\/\\\/orthopedic-pro.com\\\/de\\\/merken-sie-sich-den-termin-in-ihrem-kalender-vor\\\/\"},\"author\":{\"name\":\"admin\",\"@id\":\"https:\\\/\\\/lavender-snail-397695.hostingersite.com\\\/#\\\/schema\\\/person\\\/19588fccece8a95f4a598027b5dad499\"},\"headline\":\"Merken Sie sich den Termin in Ihrem Kalender vor!\",\"datePublished\":\"2025-09-12T12:58:46+00:00\",\"dateModified\":\"2026-04-14T10:07:04+00:00\",\"mainEntityOfPage\":{\"@id\":\"https:\\\/\\\/orthopedic-pro.com\\\/de\\\/merken-sie-sich-den-termin-in-ihrem-kalender-vor\\\/\"},\"wordCount\":70,\"publisher\":{\"@id\":\"https:\\\/\\\/lavender-snail-397695.hostingersite.com\\\/#organization\"},\"image\":{\"@id\":\"https:\\\/\\\/orthopedic-pro.com\\\/de\\\/merken-sie-sich-den-termin-in-ihrem-kalender-vor\\\/#primaryimage\"},\"thumbnailUrl\":\"https:\\\/\\\/orthopedic-pro.com\\\/wp-content\\\/uploads\\\/2025\\\/09\\\/Mark-this-date-on-your-calendar-Ortopedijos-technika.jpg\",\"articleSection\":[\"Nachrichten\",\"Nachrichten\"],\"inLanguage\":\"de\"},{\"@type\":\"WebPage\",\"@id\":\"https:\\\/\\\/orthopedic-pro.com\\\/de\\\/merken-sie-sich-den-termin-in-ihrem-kalender-vor\\\/\",\"url\":\"https:\\\/\\\/orthopedic-pro.com\\\/de\\\/merken-sie-sich-den-termin-in-ihrem-kalender-vor\\\/\",\"name\":\"Merken Sie sich den Termin in Ihrem Kalender vor! - Ortopedijos Technika\",\"isPartOf\":{\"@id\":\"https:\\\/\\\/lavender-snail-397695.hostingersite.com\\\/#website\"},\"primaryImageOfPage\":{\"@id\":\"https:\\\/\\\/orthopedic-pro.com\\\/de\\\/merken-sie-sich-den-termin-in-ihrem-kalender-vor\\\/#primaryimage\"},\"image\":{\"@id\":\"https:\\\/\\\/orthopedic-pro.com\\\/de\\\/merken-sie-sich-den-termin-in-ihrem-kalender-vor\\\/#primaryimage\"},\"thumbnailUrl\":\"https:\\\/\\\/orthopedic-pro.com\\\/wp-content\\\/uploads\\\/2025\\\/09\\\/Mark-this-date-on-your-calendar-Ortopedijos-technika.jpg\",\"datePublished\":\"2025-09-12T12:58:46+00:00\",\"dateModified\":\"2026-04-14T10:07:04+00:00\",\"description\":\"Merken Sie sich diesen Termin vor. Treffen Sie Ortopedijos technika auf der ORTHOP\u00c4DIE SCHUH TECHNIK 2025 und entdecken Sie Innovationen und orthop\u00e4dische L\u00f6sungen.\",\"breadcrumb\":{\"@id\":\"https:\\\/\\\/orthopedic-pro.com\\\/de\\\/merken-sie-sich-den-termin-in-ihrem-kalender-vor\\\/#breadcrumb\"},\"inLanguage\":\"de\",\"potentialAction\":[{\"@type\":\"ReadAction\",\"target\":[\"https:\\\/\\\/orthopedic-pro.com\\\/de\\\/merken-sie-sich-den-termin-in-ihrem-kalender-vor\\\/\"]}]},{\"@type\":\"ImageObject\",\"inLanguage\":\"de\",\"@id\":\"https:\\\/\\\/orthopedic-pro.com\\\/de\\\/merken-sie-sich-den-termin-in-ihrem-kalender-vor\\\/#primaryimage\",\"url\":\"https:\\\/\\\/orthopedic-pro.com\\\/wp-content\\\/uploads\\\/2025\\\/09\\\/Mark-this-date-on-your-calendar-Ortopedijos-technika.jpg\",\"contentUrl\":\"https:\\\/\\\/orthopedic-pro.com\\\/wp-content\\\/uploads\\\/2025\\\/09\\\/Mark-this-date-on-your-calendar-Ortopedijos-technika.jpg\",\"width\":800,\"height\":540},{\"@type\":\"BreadcrumbList\",\"@id\":\"https:\\\/\\\/orthopedic-pro.com\\\/de\\\/merken-sie-sich-den-termin-in-ihrem-kalender-vor\\\/#breadcrumb\",\"itemListElement\":[{\"@type\":\"ListItem\",\"position\":1,\"name\":\"Home\",\"item\":\"https:\\\/\\\/orthopedic-pro.com\\\/de\\\/\"},{\"@type\":\"ListItem\",\"position\":2,\"name\":\"Merken Sie sich den Termin in Ihrem Kalender vor!\"}]},{\"@type\":\"WebSite\",\"@id\":\"https:\\\/\\\/lavender-snail-397695.hostingersite.com\\\/#website\",\"url\":\"https:\\\/\\\/lavender-snail-397695.hostingersite.com\\\/\",\"name\":\"Ortopedijos Technika\",\"description\":\"Manufacture of orthopedic products embraces developing and producing the highest-standard, customized orthopedic solutions for custom made footwear.\",\"publisher\":{\"@id\":\"https:\\\/\\\/lavender-snail-397695.hostingersite.com\\\/#organization\"},\"potentialAction\":[{\"@type\":\"SearchAction\",\"target\":{\"@type\":\"EntryPoint\",\"urlTemplate\":\"https:\\\/\\\/lavender-snail-397695.hostingersite.com\\\/?s={search_term_string}\"},\"query-input\":{\"@type\":\"PropertyValueSpecification\",\"valueRequired\":true,\"valueName\":\"search_term_string\"}}],\"inLanguage\":\"de\"},{\"@type\":\"Organization\",\"@id\":\"https:\\\/\\\/lavender-snail-397695.hostingersite.com\\\/#organization\",\"name\":\"Ortopedijos Technika\",\"url\":\"https:\\\/\\\/lavender-snail-397695.hostingersite.com\\\/\",\"logo\":{\"@type\":\"ImageObject\",\"inLanguage\":\"de\",\"@id\":\"https:\\\/\\\/lavender-snail-397695.hostingersite.com\\\/#\\\/schema\\\/logo\\\/image\\\/\",\"url\":\"https:\\\/\\\/orthopedic-pro.com\\\/wp-content\\\/uploads\\\/2025\\\/09\\\/ot-logo.svg\",\"contentUrl\":\"https:\\\/\\\/orthopedic-pro.com\\\/wp-content\\\/uploads\\\/2025\\\/09\\\/ot-logo.svg\",\"width\":23,\"height\":9,\"caption\":\"Ortopedijos Technika\"},\"image\":{\"@id\":\"https:\\\/\\\/lavender-snail-397695.hostingersite.com\\\/#\\\/schema\\\/logo\\\/image\\\/\"}},{\"@type\":\"Person\",\"@id\":\"https:\\\/\\\/lavender-snail-397695.hostingersite.com\\\/#\\\/schema\\\/person\\\/19588fccece8a95f4a598027b5dad499\",\"name\":\"admin\",\"image\":{\"@type\":\"ImageObject\",\"inLanguage\":\"de\",\"@id\":\"https:\\\/\\\/secure.gravatar.com\\\/avatar\\\/96fffe5ab47ece8a6e7db461ac53de9776f72e72bb176265e28a461afe84d3d3?s=96&d=mm&r=g\",\"url\":\"https:\\\/\\\/secure.gravatar.com\\\/avatar\\\/96fffe5ab47ece8a6e7db461ac53de9776f72e72bb176265e28a461afe84d3d3?s=96&d=mm&r=g\",\"contentUrl\":\"https:\\\/\\\/secure.gravatar.com\\\/avatar\\\/96fffe5ab47ece8a6e7db461ac53de9776f72e72bb176265e28a461afe84d3d3?s=96&d=mm&r=g\",\"caption\":\"admin\"},\"sameAs\":[\"https:\\\/\\\/lavender-snail-397695.hostingersite.com\"],\"url\":\"https:\\\/\\\/orthopedic-pro.com\\\/de\\\/author\\\/admin\\\/\"}]}<\/script>\n<!-- \/ Yoast SEO plugin. -->","yoast_head_json":{"title":"Merken Sie sich den Termin in Ihrem Kalender vor! - Ortopedijos Technika","description":"Merken Sie sich diesen Termin vor. Treffen Sie Ortopedijos technika auf der ORTHOP\u00c4DIE SCHUH TECHNIK 2025 und entdecken Sie Innovationen und orthop\u00e4dische L\u00f6sungen.","robots":{"index":"index","follow":"follow","max-snippet":"max-snippet:-1","max-image-preview":"max-image-preview:large","max-video-preview":"max-video-preview:-1"},"canonical":"https:\/\/orthopedic-pro.com\/de\/merken-sie-sich-den-termin-in-ihrem-kalender-vor\/","og_locale":"de_DE","og_type":"article","og_title":"Merken Sie sich den Termin in Ihrem Kalender vor! - Ortopedijos Technika","og_description":"Merken Sie sich diesen Termin vor. Treffen Sie Ortopedijos technika auf der ORTHOP\u00c4DIE SCHUH TECHNIK 2025 und entdecken Sie Innovationen und orthop\u00e4dische L\u00f6sungen.","og_url":"https:\/\/orthopedic-pro.com\/de\/merken-sie-sich-den-termin-in-ihrem-kalender-vor\/","og_site_name":"Ortopedijos Technika","article_published_time":"2025-09-12T12:58:46+00:00","article_modified_time":"2026-04-14T10:07:04+00:00","og_image":[{"width":800,"height":540,"url":"https:\/\/orthopedic-pro.com\/wp-content\/uploads\/2025\/09\/Mark-this-date-on-your-calendar-Ortopedijos-technika.jpg","type":"image\/jpeg"}],"author":"admin","twitter_card":"summary_large_image","twitter_misc":{"Verfasst von":"admin","Gesch\u00e4tzte Lesezeit":"1\u00a0Minute"},"schema":{"@context":"https:\/\/schema.org","@graph":[{"@type":"Article","@id":"https:\/\/orthopedic-pro.com\/de\/merken-sie-sich-den-termin-in-ihrem-kalender-vor\/#article","isPartOf":{"@id":"https:\/\/orthopedic-pro.com\/de\/merken-sie-sich-den-termin-in-ihrem-kalender-vor\/"},"author":{"name":"admin","@id":"https:\/\/lavender-snail-397695.hostingersite.com\/#\/schema\/person\/19588fccece8a95f4a598027b5dad499"},"headline":"Merken Sie sich den Termin in Ihrem Kalender vor!","datePublished":"2025-09-12T12:58:46+00:00","dateModified":"2026-04-14T10:07:04+00:00","mainEntityOfPage":{"@id":"https:\/\/orthopedic-pro.com\/de\/merken-sie-sich-den-termin-in-ihrem-kalender-vor\/"},"wordCount":70,"publisher":{"@id":"https:\/\/lavender-snail-397695.hostingersite.com\/#organization"},"image":{"@id":"https:\/\/orthopedic-pro.com\/de\/merken-sie-sich-den-termin-in-ihrem-kalender-vor\/#primaryimage"},"thumbnailUrl":"https:\/\/orthopedic-pro.com\/wp-content\/uploads\/2025\/09\/Mark-this-date-on-your-calendar-Ortopedijos-technika.jpg","articleSection":["Nachrichten","Nachrichten"],"inLanguage":"de"},{"@type":"WebPage","@id":"https:\/\/orthopedic-pro.com\/de\/merken-sie-sich-den-termin-in-ihrem-kalender-vor\/","url":"https:\/\/orthopedic-pro.com\/de\/merken-sie-sich-den-termin-in-ihrem-kalender-vor\/","name":"Merken Sie sich den Termin in Ihrem Kalender vor! - Ortopedijos Technika","isPartOf":{"@id":"https:\/\/lavender-snail-397695.hostingersite.com\/#website"},"primaryImageOfPage":{"@id":"https:\/\/orthopedic-pro.com\/de\/merken-sie-sich-den-termin-in-ihrem-kalender-vor\/#primaryimage"},"image":{"@id":"https:\/\/orthopedic-pro.com\/de\/merken-sie-sich-den-termin-in-ihrem-kalender-vor\/#primaryimage"},"thumbnailUrl":"https:\/\/orthopedic-pro.com\/wp-content\/uploads\/2025\/09\/Mark-this-date-on-your-calendar-Ortopedijos-technika.jpg","datePublished":"2025-09-12T12:58:46+00:00","dateModified":"2026-04-14T10:07:04+00:00","description":"Merken Sie sich diesen Termin vor. Treffen Sie Ortopedijos technika auf der ORTHOP\u00c4DIE SCHUH TECHNIK 2025 und entdecken Sie Innovationen und orthop\u00e4dische L\u00f6sungen.","breadcrumb":{"@id":"https:\/\/orthopedic-pro.com\/de\/merken-sie-sich-den-termin-in-ihrem-kalender-vor\/#breadcrumb"},"inLanguage":"de","potentialAction":[{"@type":"ReadAction","target":["https:\/\/orthopedic-pro.com\/de\/merken-sie-sich-den-termin-in-ihrem-kalender-vor\/"]}]},{"@type":"ImageObject","inLanguage":"de","@id":"https:\/\/orthopedic-pro.com\/de\/merken-sie-sich-den-termin-in-ihrem-kalender-vor\/#primaryimage","url":"https:\/\/orthopedic-pro.com\/wp-content\/uploads\/2025\/09\/Mark-this-date-on-your-calendar-Ortopedijos-technika.jpg","contentUrl":"https:\/\/orthopedic-pro.com\/wp-content\/uploads\/2025\/09\/Mark-this-date-on-your-calendar-Ortopedijos-technika.jpg","width":800,"height":540},{"@type":"BreadcrumbList","@id":"https:\/\/orthopedic-pro.com\/de\/merken-sie-sich-den-termin-in-ihrem-kalender-vor\/#breadcrumb","itemListElement":[{"@type":"ListItem","position":1,"name":"Home","item":"https:\/\/orthopedic-pro.com\/de\/"},{"@type":"ListItem","position":2,"name":"Merken Sie sich den Termin in Ihrem Kalender vor!"}]},{"@type":"WebSite","@id":"https:\/\/lavender-snail-397695.hostingersite.com\/#website","url":"https:\/\/lavender-snail-397695.hostingersite.com\/","name":"Ortopedijos Technika","description":"Manufacture of orthopedic products embraces developing and producing the highest-standard, customized orthopedic solutions for custom made footwear.","publisher":{"@id":"https:\/\/lavender-snail-397695.hostingersite.com\/#organization"},"potentialAction":[{"@type":"SearchAction","target":{"@type":"EntryPoint","urlTemplate":"https:\/\/lavender-snail-397695.hostingersite.com\/?s={search_term_string}"},"query-input":{"@type":"PropertyValueSpecification","valueRequired":true,"valueName":"search_term_string"}}],"inLanguage":"de"},{"@type":"Organization","@id":"https:\/\/lavender-snail-397695.hostingersite.com\/#organization","name":"Ortopedijos Technika","url":"https:\/\/lavender-snail-397695.hostingersite.com\/","logo":{"@type":"ImageObject","inLanguage":"de","@id":"https:\/\/lavender-snail-397695.hostingersite.com\/#\/schema\/logo\/image\/","url":"https:\/\/orthopedic-pro.com\/wp-content\/uploads\/2025\/09\/ot-logo.svg","contentUrl":"https:\/\/orthopedic-pro.com\/wp-content\/uploads\/2025\/09\/ot-logo.svg","width":23,"height":9,"caption":"Ortopedijos Technika"},"image":{"@id":"https:\/\/lavender-snail-397695.hostingersite.com\/#\/schema\/logo\/image\/"}},{"@type":"Person","@id":"https:\/\/lavender-snail-397695.hostingersite.com\/#\/schema\/person\/19588fccece8a95f4a598027b5dad499","name":"admin","image":{"@type":"ImageObject","inLanguage":"de","@id":"https:\/\/secure.gravatar.com\/avatar\/96fffe5ab47ece8a6e7db461ac53de9776f72e72bb176265e28a461afe84d3d3?s=96&d=mm&r=g","url":"https:\/\/secure.gravatar.com\/avatar\/96fffe5ab47ece8a6e7db461ac53de9776f72e72bb176265e28a461afe84d3d3?s=96&d=mm&r=g","contentUrl":"https:\/\/secure.gravatar.com\/avatar\/96fffe5ab47ece8a6e7db461ac53de9776f72e72bb176265e28a461afe84d3d3?s=96&d=mm&r=g","caption":"admin"},"sameAs":["https:\/\/lavender-snail-397695.hostingersite.com"],"url":"https:\/\/orthopedic-pro.com\/de\/author\/admin\/"}]}},"_links":{"self":[{"href":"https:\/\/orthopedic-pro.com\/de\/wp-json\/wp\/v2\/posts\/7077","targetHints":{"allow":["GET"]}}],"collection":[{"href":"https:\/\/orthopedic-pro.com\/de\/wp-json\/wp\/v2\/posts"}],"about":[{"href":"https:\/\/orthopedic-pro.com\/de\/wp-json\/wp\/v2\/types\/post"}],"author":[{"embeddable":true,"href":"https:\/\/orthopedic-pro.com\/de\/wp-json\/wp\/v2\/users\/1"}],"replies":[{"embeddable":true,"href":"https:\/\/orthopedic-pro.com\/de\/wp-json\/wp\/v2\/comments?post=7077"}],"version-history":[{"count":1,"href":"https:\/\/orthopedic-pro.com\/de\/wp-json\/wp\/v2\/posts\/7077\/revisions"}],"predecessor-version":[{"id":7079,"href":"https:\/\/orthopedic-pro.com\/de\/wp-json\/wp\/v2\/posts\/7077\/revisions\/7079"}],"wp:featuredmedia":[{"embeddable":true,"href":"https:\/\/orthopedic-pro.com\/de\/wp-json\/wp\/v2\/media\/7254"}],"wp:attachment":[{"href":"https:\/\/orthopedic-pro.com\/de\/wp-json\/wp\/v2\/media?parent=7077"}],"wp:term":[{"taxonomy":"category","embeddable":true,"href":"https:\/\/orthopedic-pro.com\/de\/wp-json\/wp\/v2\/categories?post=7077"},{"taxonomy":"post_tag","embeddable":true,"href":"https:\/\/orthopedic-pro.com\/de\/wp-json\/wp\/v2\/tags?post=7077"}],"curies":[{"name":"wp","href":"https:\/\/api.w.org\/{rel}","templated":true}]}}